{"id":41053,"date":"2025-09-30T16:05:21","date_gmt":"2025-09-30T16:05:21","guid":{"rendered":"https:\/\/elperiodicodesaltillo.com\/wp\/?p=41053"},"modified":"2025-10-01T16:07:06","modified_gmt":"2025-10-01T16:07:06","slug":"recibe-coahuila-a-bibliotecarias-y-bibliotecarios-de-todo-el-pais","status":"publish","type":"post","link":"https:\/\/elperiodicodesaltillo.com\/wp\/2025\/09\/30\/recibe-coahuila-a-bibliotecarias-y-bibliotecarios-de-todo-el-pais\/","title":{"rendered":"RECIBE COAHUILA A BIBLIOTECARIAS Y BIBLIOTECARIOS DE TODO EL PAIS"},"content":{"rendered":"\n<ul class=\"wp-block-list\">\n<li><em>Del 1 al 4 de octubre nuestro estado es sede del\u00a0 XXIV Congreso Nacional de\u00a0 Bibliotecas<\/em><\/li>\n<\/ul>\n\n\n\n<p>Saltillo, Coahuila de Zaragoza; 30 de septiembre de 2025.- Del 1 al 4 de octubre, Saltillo. En el marco del XXIV Congreso Nacional de Bibliotecas, que en esta edici\u00f3n se desarrollar\u00e1 bajo el tema: \u201cLectura, comunidad y salud mental: Innovando en la biblioteca p\u00fablica\u201d.<\/p>\n\n\n\n<p>Martha Loera Ar\u00e1mbula, Coordinadora General de Bibliotecas, Publicaciones y Librer\u00edas del Estado, destac\u00f3 el acompa\u00f1amiento de la Oficina de Convenciones, el Instituto Municipal de Cultura, el Archivo Municipal, la Direcci\u00f3n Estatal de Museos y la Direcci\u00f3n de Vinculaci\u00f3n de Turismo Estatal, en un trabajo interinstitucional que permitir\u00e1 el desarrollo exitoso del congreso.<\/p>\n\n\n<div class=\"wp-block-image\">\n<figure class=\"aligncenter size-large\"><img loading=\"lazy\" decoding=\"async\" width=\"657\" height=\"1024\" src=\"https:\/\/elperiodicodesaltillo.com\/wp\/wp-content\/uploads\/2025\/10\/001-RECIBE-COAHUILA-A-BIBLIOTECARIAS-Y-BIBLIOTECARIOS-DE-TODO-EL-PAIS-657x1024.jpeg\" alt=\"\" class=\"wp-image-41054\" srcset=\"https:\/\/elperiodicodesaltillo.com\/wp\/wp-content\/uploads\/2025\/10\/001-RECIBE-COAHUILA-A-BIBLIOTECARIAS-Y-BIBLIOTECARIOS-DE-TODO-EL-PAIS-657x1024.jpeg 657w, https:\/\/elperiodicodesaltillo.com\/wp\/wp-content\/uploads\/2025\/10\/001-RECIBE-COAHUILA-A-BIBLIOTECARIAS-Y-BIBLIOTECARIOS-DE-TODO-EL-PAIS-192x300.jpeg 192w, https:\/\/elperiodicodesaltillo.com\/wp\/wp-content\/uploads\/2025\/10\/001-RECIBE-COAHUILA-A-BIBLIOTECARIAS-Y-BIBLIOTECARIOS-DE-TODO-EL-PAIS-768x1198.jpeg 768w, https:\/\/elperiodicodesaltillo.com\/wp\/wp-content\/uploads\/2025\/10\/001-RECIBE-COAHUILA-A-BIBLIOTECARIAS-Y-BIBLIOTECARIOS-DE-TODO-EL-PAIS-696x1085.jpeg 696w, https:\/\/elperiodicodesaltillo.com\/wp\/wp-content\/uploads\/2025\/10\/001-RECIBE-COAHUILA-A-BIBLIOTECARIAS-Y-BIBLIOTECARIOS-DE-TODO-EL-PAIS-269x420.jpeg 269w, https:\/\/elperiodicodesaltillo.com\/wp\/wp-content\/uploads\/2025\/10\/001-RECIBE-COAHUILA-A-BIBLIOTECARIAS-Y-BIBLIOTECARIOS-DE-TODO-EL-PAIS.jpeg 858w\" sizes=\"auto, (max-width: 657px) 100vw, 657px\" \/><\/figure>\n<\/div>\n\n\n<p>El encuentro busca fortalecer la red nacional de bibliotecas p\u00fablicas y promover la lectura como una herramienta esencial para el bienestar social y la salud mental, con \u00e9nfasis en la innovaci\u00f3n de los espacios bibliotecarios y su papel dentro de la comunidad.<\/p>\n\n\n\n<p>Ma\u00f1ana, 1 de octubre, las actividades iniciar\u00e1n con una callejoneada en el Centro Hist\u00f3rico de Saltillo, con el apoyo del Instituto Municipal de Cultura y la Tuna Universitaria, para dar la bienvenida a los participantes que visitan Coahuila desde distintos puntos del pa\u00eds. Con esta actividad podr\u00e1n disfrutar de la arquitectura, el clima y la hospitalidad que caracteriza a nuestra ciudad.<\/p>\n\n\n\n<p>Durante los d\u00edas 2 y 3 de octubre, en la Benem\u00e9rita Escuela Normal de Coahuila,&nbsp; se presentar\u00e1n conferencias como: \u201cPensar en Voz Alta: palabras, libros y salud mental\u201d, \u201cEnfrentando la ansiedad de nuestros adolescentes y j\u00f3venes\u201d, as\u00ed como talleres: \u201cC\u00f3mo aprende un ni\u00f1o a leer\u201d, \u201cQu\u00e9 leo, \u00bfqui\u00e9n soy yo?\u201d, \u201cPrimeros Auxilios Psicol\u00f3gicos\u201d y \u201cEl papel de las bibliotecas como configurantes del tejido social\u201d. Tambi\u00e9n se llevar\u00e1n a cabo presentaciones de libros, entre ellos: \u201cHaz de tu vida una obra de arte\u201d y \u201cCr\u00f3nica de la Escuela Normal de Coahuila: Simbolog\u00eda de la educaci\u00f3n estatal\u201d, adem\u00e1s de paneles de discusi\u00f3n y actividades culturales.<\/p>\n\n\n\n<p>El gobernador Manolo Jim\u00e9nez Salinas ha reiterado que el impulso a la lectura, la cultura y la educaci\u00f3n forman parte fundamental de la pol\u00edtica educativa de su administraci\u00f3n, ya que estos elementos contribuyen al desarrollo integral de las y los coahuilenses, al fortalecimiento del tejido social y a consolidar un estado con paz y seguridad.<\/p>\n\n\n\n<p>Con este congreso, Coahuila reafirma su compromiso con el fomento a la lectura, la cultura y la construcci\u00f3n de comunidades m\u00e1s fuertes y seguras a trav\u00e9s de sus bibliotecas.<\/p>\n","protected":false},"excerpt":{"rendered":"<p>Saltillo, Coahuila de Zaragoza; 30 de septiembre de 2025.- Del 1 al 4 de octubre, Saltillo. En el marco del XXIV Congreso Nacional de Bibliotecas, que en esta edici\u00f3n se desarrollar\u00e1 bajo el tema: \u201cLectura, comunidad y salud mental: Innovando en la biblioteca p\u00fablica\u201d. Martha Loera Ar\u00e1mbula, Coordinadora General de Bibliotecas, Publicaciones y Librer\u00edas del [&hellip;]<\/p>\n","protected":false},"author":1,"featured_media":41054,"comment_status":"closed","ping_status":"closed","sticky":false,"template":"","format":"standard","meta":{"footnotes":""},"categories":[21],"tags":[],"class_list":["post-41053","post","type-post","status-publish","format-standard","has-post-thumbnail","hentry","category-coahuila"],"_links":{"self":[{"href":"https:\/\/elperiodicodesaltillo.com\/wp\/wp-json\/wp\/v2\/posts\/41053","targetHints":{"allow":["GET"]}}],"collection":[{"href":"https:\/\/elperiodicodesaltillo.com\/wp\/wp-json\/wp\/v2\/posts"}],"about":[{"href":"https:\/\/elperiodicodesaltillo.com\/wp\/wp-json\/wp\/v2\/types\/post"}],"author":[{"embeddable":true,"href":"https:\/\/elperiodicodesaltillo.com\/wp\/wp-json\/wp\/v2\/users\/1"}],"replies":[{"embeddable":true,"href":"https:\/\/elperiodicodesaltillo.com\/wp\/wp-json\/wp\/v2\/comments?post=41053"}],"version-history":[{"count":2,"href":"https:\/\/elperiodicodesaltillo.com\/wp\/wp-json\/wp\/v2\/posts\/41053\/revisions"}],"predecessor-version":[{"id":41056,"href":"https:\/\/elperiodicodesaltillo.com\/wp\/wp-json\/wp\/v2\/posts\/41053\/revisions\/41056"}],"wp:featuredmedia":[{"embeddable":true,"href":"https:\/\/elperiodicodesaltillo.com\/wp\/wp-json\/wp\/v2\/media\/41054"}],"wp:attachment":[{"href":"https:\/\/elperiodicodesaltillo.com\/wp\/wp-json\/wp\/v2\/media?parent=41053"}],"wp:term":[{"taxonomy":"category","embeddable":true,"href":"https:\/\/elperiodicodesaltillo.com\/wp\/wp-json\/wp\/v2\/categories?post=41053"},{"taxonomy":"post_tag","embeddable":true,"href":"https:\/\/elperiodicodesaltillo.com\/wp\/wp-json\/wp\/v2\/tags?post=41053"}],"curies":[{"name":"wp","href":"https:\/\/api.w.org\/{rel}","templated":true}]}}