{"id":44797,"date":"2026-03-07T15:15:30","date_gmt":"2026-03-07T15:15:30","guid":{"rendered":"https:\/\/elperiodicodesaltillo.com\/wp\/?p=44797"},"modified":"2026-03-09T15:22:24","modified_gmt":"2026-03-09T15:22:24","slug":"dif-coahuila-refuerza-valores-familiares","status":"publish","type":"post","link":"https:\/\/elperiodicodesaltillo.com\/wp\/2026\/03\/07\/dif-coahuila-refuerza-valores-familiares\/","title":{"rendered":"DIF Coahuila refuerza los valores familiares."},"content":{"rendered":"\n<p>Realiza actividades de convivencia entre familias en las diversas regiones del estado<\/p>\n\n\n\n<p>Saltillo, Coahuila; 07 de marzo de 2026.- En el marco de la conmemoraci\u00f3n del D\u00eda de la Familia en M\u00e9xico, el DIF Coahuila, en coordinaci\u00f3n con los Sistemas DIF Municipales, llev\u00f3 a cabo el rally \u201cMi Familia, Mi Comunidad\u201d, una actividad que reuni\u00f3 a cientos de familias en distintas regiones del estado para promover la convivencia, el trabajo en equipo y la integraci\u00f3n comunitaria.<\/p>\n\n\n\n<figure class=\"wp-block-gallery has-nested-images columns-default is-cropped wp-block-gallery-1 is-layout-flex wp-block-gallery-is-layout-flex\">\n<figure class=\"wp-block-image size-large\"><img loading=\"lazy\" decoding=\"async\" width=\"1024\" height=\"682\" data-id=\"44799\" src=\"https:\/\/elperiodicodesaltillo.com\/wp\/wp-content\/uploads\/2026\/03\/179d2bef-ba0c-4955-9ebb-73f80e28bf5c-1024x682.jpeg\" alt=\"\" class=\"wp-image-44799\" srcset=\"https:\/\/elperiodicodesaltillo.com\/wp\/wp-content\/uploads\/2026\/03\/179d2bef-ba0c-4955-9ebb-73f80e28bf5c-1024x682.jpeg 1024w, https:\/\/elperiodicodesaltillo.com\/wp\/wp-content\/uploads\/2026\/03\/179d2bef-ba0c-4955-9ebb-73f80e28bf5c-300x200.jpeg 300w, https:\/\/elperiodicodesaltillo.com\/wp\/wp-content\/uploads\/2026\/03\/179d2bef-ba0c-4955-9ebb-73f80e28bf5c-768x512.jpeg 768w, https:\/\/elperiodicodesaltillo.com\/wp\/wp-content\/uploads\/2026\/03\/179d2bef-ba0c-4955-9ebb-73f80e28bf5c-1536x1023.jpeg 1536w, https:\/\/elperiodicodesaltillo.com\/wp\/wp-content\/uploads\/2026\/03\/179d2bef-ba0c-4955-9ebb-73f80e28bf5c-696x464.jpeg 696w, https:\/\/elperiodicodesaltillo.com\/wp\/wp-content\/uploads\/2026\/03\/179d2bef-ba0c-4955-9ebb-73f80e28bf5c-1068x712.jpeg 1068w, https:\/\/elperiodicodesaltillo.com\/wp\/wp-content\/uploads\/2026\/03\/179d2bef-ba0c-4955-9ebb-73f80e28bf5c-630x420.jpeg 630w, https:\/\/elperiodicodesaltillo.com\/wp\/wp-content\/uploads\/2026\/03\/179d2bef-ba0c-4955-9ebb-73f80e28bf5c.jpeg 1600w\" sizes=\"auto, (max-width: 1024px) 100vw, 1024px\" \/><\/figure>\n\n\n\n<figure class=\"wp-block-image size-large\"><img loading=\"lazy\" decoding=\"async\" width=\"1024\" height=\"682\" data-id=\"44798\" src=\"https:\/\/elperiodicodesaltillo.com\/wp\/wp-content\/uploads\/2026\/03\/514b10ae-fb5d-4b90-9822-39474c9e94c1-1024x682.jpeg\" alt=\"\" class=\"wp-image-44798\" srcset=\"https:\/\/elperiodicodesaltillo.com\/wp\/wp-content\/uploads\/2026\/03\/514b10ae-fb5d-4b90-9822-39474c9e94c1-1024x682.jpeg 1024w, https:\/\/elperiodicodesaltillo.com\/wp\/wp-content\/uploads\/2026\/03\/514b10ae-fb5d-4b90-9822-39474c9e94c1-300x200.jpeg 300w, https:\/\/elperiodicodesaltillo.com\/wp\/wp-content\/uploads\/2026\/03\/514b10ae-fb5d-4b90-9822-39474c9e94c1-768x512.jpeg 768w, https:\/\/elperiodicodesaltillo.com\/wp\/wp-content\/uploads\/2026\/03\/514b10ae-fb5d-4b90-9822-39474c9e94c1-1536x1023.jpeg 1536w, https:\/\/elperiodicodesaltillo.com\/wp\/wp-content\/uploads\/2026\/03\/514b10ae-fb5d-4b90-9822-39474c9e94c1-696x464.jpeg 696w, https:\/\/elperiodicodesaltillo.com\/wp\/wp-content\/uploads\/2026\/03\/514b10ae-fb5d-4b90-9822-39474c9e94c1-1068x712.jpeg 1068w, https:\/\/elperiodicodesaltillo.com\/wp\/wp-content\/uploads\/2026\/03\/514b10ae-fb5d-4b90-9822-39474c9e94c1-630x420.jpeg 630w, https:\/\/elperiodicodesaltillo.com\/wp\/wp-content\/uploads\/2026\/03\/514b10ae-fb5d-4b90-9822-39474c9e94c1.jpeg 1600w\" sizes=\"auto, (max-width: 1024px) 100vw, 1024px\" \/><\/figure>\n<\/figure>\n\n\n\n<p>La Presidenta Honoraria del DIF Coahuila, Liliana Salinas Vald\u00e9s, destac\u00f3 la importancia de impulsar este tipo de actividades que fortalecen el tejido social desde el n\u00facleo familiar.<\/p>\n\n\n\n<p>\u201cEn el DIF Coahuila creemos firmemente que la familia es la base de una sociedad fuerte y solidaria. Actividades como este rally nos permiten crear espacios donde madres, padres, hijas e hijos conviven, se apoyan y construyen juntos momentos que fortalecen sus v\u00ednculos. Nuestro compromiso es seguir impulsando acciones que promuevan la uni\u00f3n familiar y el desarrollo integral de nuestras comunidades\u201d, expres\u00f3<\/p>\n\n\n\n<p>A trav\u00e9s de din\u00e1micas recreativas y formativas, ni\u00f1as, ni\u00f1os, j\u00f3venes y personas adultas participaron en diversas actividades dise\u00f1adas para fortalecer la comunicaci\u00f3n, la colaboraci\u00f3n y los lazos familiares, generando espacios de encuentro y experiencias significativas para las familias coahuilenses.<\/p>\n\n\n\n<p>Las jornadas se realizaron en diferentes municipios y comunidades, destacando la participaci\u00f3n de familias en Guerrero, en el ejido Santa M\u00f3nica; Acu\u00f1a; San Juan de Sabinas, en Villa de San Juan de Sabinas; Monclova; San Pedro, en el ejido Santiago; y Arteaga, en el ejido Huachichil, donde se vivi\u00f3 un ambiente de alegr\u00eda, uni\u00f3n y participaci\u00f3n.<\/p>\n\n\n\n<p>Con iniciativas como \u201cMi Familia, Mi Comunidad\u201d, el DIF Coahuila reafirma su compromiso de seguir generando estrategias que promuevan la participaci\u00f3n, la convivencia y el fortalecimiento de los valores familiares en todas las regiones del estado.<\/p>\n","protected":false},"excerpt":{"rendered":"<p>Realiza actividades de convivencia entre familias en las diversas regiones del estado Saltillo, Coahuila; 07 de marzo de 2026.- En el marco de la conmemoraci\u00f3n del D\u00eda de la Familia en M\u00e9xico, el DIF Coahuila, en coordinaci\u00f3n con los Sistemas DIF Municipales, llev\u00f3 a cabo el rally \u201cMi Familia, Mi Comunidad\u201d, una actividad que reuni\u00f3 [&hellip;]<\/p>\n","protected":false},"author":1,"featured_media":44798,"comment_status":"closed","ping_status":"closed","sticky":false,"template":"","format":"standard","meta":{"footnotes":""},"categories":[21],"tags":[],"class_list":["post-44797","post","type-post","status-publish","format-standard","has-post-thumbnail","hentry","category-coahuila"],"_links":{"self":[{"href":"https:\/\/elperiodicodesaltillo.com\/wp\/wp-json\/wp\/v2\/posts\/44797","targetHints":{"allow":["GET"]}}],"collection":[{"href":"https:\/\/elperiodicodesaltillo.com\/wp\/wp-json\/wp\/v2\/posts"}],"about":[{"href":"https:\/\/elperiodicodesaltillo.com\/wp\/wp-json\/wp\/v2\/types\/post"}],"author":[{"embeddable":true,"href":"https:\/\/elperiodicodesaltillo.com\/wp\/wp-json\/wp\/v2\/users\/1"}],"replies":[{"embeddable":true,"href":"https:\/\/elperiodicodesaltillo.com\/wp\/wp-json\/wp\/v2\/comments?post=44797"}],"version-history":[{"count":2,"href":"https:\/\/elperiodicodesaltillo.com\/wp\/wp-json\/wp\/v2\/posts\/44797\/revisions"}],"predecessor-version":[{"id":44801,"href":"https:\/\/elperiodicodesaltillo.com\/wp\/wp-json\/wp\/v2\/posts\/44797\/revisions\/44801"}],"wp:featuredmedia":[{"embeddable":true,"href":"https:\/\/elperiodicodesaltillo.com\/wp\/wp-json\/wp\/v2\/media\/44798"}],"wp:attachment":[{"href":"https:\/\/elperiodicodesaltillo.com\/wp\/wp-json\/wp\/v2\/media?parent=44797"}],"wp:term":[{"taxonomy":"category","embeddable":true,"href":"https:\/\/elperiodicodesaltillo.com\/wp\/wp-json\/wp\/v2\/categories?post=44797"},{"taxonomy":"post_tag","embeddable":true,"href":"https:\/\/elperiodicodesaltillo.com\/wp\/wp-json\/wp\/v2\/tags?post=44797"}],"curies":[{"name":"wp","href":"https:\/\/api.w.org\/{rel}","templated":true}]}}