{"id":45620,"date":"2026-04-27T17:06:39","date_gmt":"2026-04-27T17:06:39","guid":{"rendered":"https:\/\/elperiodicodesaltillo.com\/wp\/?p=45620"},"modified":"2026-04-27T17:06:39","modified_gmt":"2026-04-27T17:06:39","slug":"apple-acuerda-integrar-tecnologia-de-google-en-siri-tras-retrasos-en-su-estrategia-de-inteligencia-artificial","status":"publish","type":"post","link":"https:\/\/elperiodicodesaltillo.com\/wp\/2026\/04\/27\/apple-acuerda-integrar-tecnologia-de-google-en-siri-tras-retrasos-en-su-estrategia-de-inteligencia-artificial\/","title":{"rendered":"Apple acuerda integrar tecnolog\u00eda de Google en Siri tras retrasos en su estrategia de inteligencia artificial"},"content":{"rendered":"\n<p>Apple alcanz\u00f3 un acuerdo con Google para incorporar el modelo de inteligencia artificial Gemini en la pr\u00f3xima generaci\u00f3n de su asistente virtual Siri, en un contrato multianual estimado en alrededor de mil millones de d\u00f3lares anuales.<\/p>\n\n\n\n<figure class=\"wp-block-image size-full\"><img loading=\"lazy\" decoding=\"async\" width=\"880\" height=\"495\" src=\"https:\/\/elperiodicodesaltillo.com\/wp\/wp-content\/uploads\/2026\/04\/f64a12fa-3343-4727-9d96-67305867dd21_16-9-aspect-ratio_default_0.jpg\" alt=\"\" class=\"wp-image-45621\" srcset=\"https:\/\/elperiodicodesaltillo.com\/wp\/wp-content\/uploads\/2026\/04\/f64a12fa-3343-4727-9d96-67305867dd21_16-9-aspect-ratio_default_0.jpg 880w, https:\/\/elperiodicodesaltillo.com\/wp\/wp-content\/uploads\/2026\/04\/f64a12fa-3343-4727-9d96-67305867dd21_16-9-aspect-ratio_default_0-300x169.jpg 300w, https:\/\/elperiodicodesaltillo.com\/wp\/wp-content\/uploads\/2026\/04\/f64a12fa-3343-4727-9d96-67305867dd21_16-9-aspect-ratio_default_0-768x432.jpg 768w, https:\/\/elperiodicodesaltillo.com\/wp\/wp-content\/uploads\/2026\/04\/f64a12fa-3343-4727-9d96-67305867dd21_16-9-aspect-ratio_default_0-696x392.jpg 696w, https:\/\/elperiodicodesaltillo.com\/wp\/wp-content\/uploads\/2026\/04\/f64a12fa-3343-4727-9d96-67305867dd21_16-9-aspect-ratio_default_0-747x420.jpg 747w\" sizes=\"auto, (max-width: 880px) 100vw, 880px\" \/><\/figure>\n\n\n\n<p>El convenio, anunciado en enero de 2026 mediante un comunicado conjunto, establece que Gemini \u2014desarrollado por la compa\u00f1\u00eda con sede en Mountain View\u2014 ser\u00e1 un componente central en el desarrollo de nuevas capacidades de Siri, con una versi\u00f3n adaptada espec\u00edficamente para el ecosistema de Apple.<\/p>\n\n\n\n<p>La decisi\u00f3n representa un cambio significativo en la estrategia hist\u00f3rica de Apple, que tradicionalmente ha priorizado el desarrollo interno y el control integral de sus productos. Sin embargo, el avance acelerado de la inteligencia artificial generativa ha modificado el entorno competitivo, coloc\u00e1ndola frente a actores como OpenAI y Anthropic.<\/p>\n\n\n\n<p>El acuerdo ocurre tras los retrasos en el despliegue de Apple Intelligence, presentado en 2024 como la evoluci\u00f3n de Siri con funciones avanzadas de personalizaci\u00f3n e \u056b\u0576\u057f\u0565\u0563\u0580aci\u00f3n entre aplicaciones. Para 2025, la empresa reconoci\u00f3 que varias de esas capacidades no estar\u00edan disponibles en los plazos previstos.<\/p>\n\n\n\n<p>En paralelo, la compa\u00f1\u00eda enfrent\u00f3 cambios internos relevantes. John Giannandrea, quien encabezaba los esfuerzos de inteligencia artificial desde 2018, dej\u00f3 su cargo en medio de una reestructuraci\u00f3n que redistribuy\u00f3 responsabilidades clave. El control de Siri pas\u00f3 a diferentes \u00e1reas bajo la supervisi\u00f3n de ejecutivos como Tim Cook, Craig Federighi, Eddy Cue y Sabih Khan.<\/p>\n\n\n\n<p>Los retrasos tambi\u00e9n tuvieron implicaciones legales y comerciales. La empresa ha enfrentado demandas colectivas por presuntas afectaciones a inversionistas y por consumidores que adquirieron dispositivos recientes esperando funciones de inteligencia artificial que no fueron entregadas en tiempo.<\/p>\n\n\n\n<p>Con esta alianza, Apple busca fortalecer su posici\u00f3n en el desarrollo de asistentes inteligentes frente a plataformas impulsadas por modelos avanzados como Gemini y ChatGPT. No obstante, el acuerdo tambi\u00e9n refleja los desaf\u00edos de su modelo tradicional de innovaci\u00f3n, al depender ahora de tecnolog\u00eda externa para competir en el sector.<\/p>\n\n\n\n<p>La pr\u00f3xima versi\u00f3n de Siri conservar\u00e1 la interfaz y experiencia propias del ecosistema Apple, pero operar\u00e1 con un motor de inteligencia artificial desarrollado por Google, lo que marca un ajuste estrat\u00e9gico en la forma en que la compa\u00f1\u00eda aborda la nueva etapa tecnol\u00f3gica centrada en la IA.<\/p>\n","protected":false},"excerpt":{"rendered":"<p>Apple alcanz\u00f3 un acuerdo con Google para incorporar el modelo de inteligencia artificial Gemini en la pr\u00f3xima generaci\u00f3n de su asistente virtual Siri, en un contrato multianual estimado en alrededor de mil millones de d\u00f3lares anuales. El convenio, anunciado en enero de 2026 mediante un comunicado conjunto, establece que Gemini \u2014desarrollado por la compa\u00f1\u00eda con [&hellip;]<\/p>\n","protected":false},"author":1,"featured_media":45621,"comment_status":"closed","ping_status":"closed","sticky":false,"template":"","format":"standard","meta":{"footnotes":""},"categories":[263],"tags":[],"class_list":["post-45620","post","type-post","status-publish","format-standard","has-post-thumbnail","hentry","category-noticias"],"_links":{"self":[{"href":"https:\/\/elperiodicodesaltillo.com\/wp\/wp-json\/wp\/v2\/posts\/45620","targetHints":{"allow":["GET"]}}],"collection":[{"href":"https:\/\/elperiodicodesaltillo.com\/wp\/wp-json\/wp\/v2\/posts"}],"about":[{"href":"https:\/\/elperiodicodesaltillo.com\/wp\/wp-json\/wp\/v2\/types\/post"}],"author":[{"embeddable":true,"href":"https:\/\/elperiodicodesaltillo.com\/wp\/wp-json\/wp\/v2\/users\/1"}],"replies":[{"embeddable":true,"href":"https:\/\/elperiodicodesaltillo.com\/wp\/wp-json\/wp\/v2\/comments?post=45620"}],"version-history":[{"count":1,"href":"https:\/\/elperiodicodesaltillo.com\/wp\/wp-json\/wp\/v2\/posts\/45620\/revisions"}],"predecessor-version":[{"id":45622,"href":"https:\/\/elperiodicodesaltillo.com\/wp\/wp-json\/wp\/v2\/posts\/45620\/revisions\/45622"}],"wp:featuredmedia":[{"embeddable":true,"href":"https:\/\/elperiodicodesaltillo.com\/wp\/wp-json\/wp\/v2\/media\/45621"}],"wp:attachment":[{"href":"https:\/\/elperiodicodesaltillo.com\/wp\/wp-json\/wp\/v2\/media?parent=45620"}],"wp:term":[{"taxonomy":"category","embeddable":true,"href":"https:\/\/elperiodicodesaltillo.com\/wp\/wp-json\/wp\/v2\/categories?post=45620"},{"taxonomy":"post_tag","embeddable":true,"href":"https:\/\/elperiodicodesaltillo.com\/wp\/wp-json\/wp\/v2\/tags?post=45620"}],"curies":[{"name":"wp","href":"https:\/\/api.w.org\/{rel}","templated":true}]}}