{"id":45684,"date":"2026-04-29T20:03:06","date_gmt":"2026-04-29T20:03:06","guid":{"rendered":"https:\/\/elperiodicodesaltillo.com\/wp\/?p=45684"},"modified":"2026-04-29T20:03:06","modified_gmt":"2026-04-29T20:03:06","slug":"eu-va-contra-ruben-rocha-moya-lo-acusa-corte-de-nueva-york-por-presuntos-nexos-con-el-narcotrafico","status":"publish","type":"post","link":"https:\/\/elperiodicodesaltillo.com\/wp\/2026\/04\/29\/eu-va-contra-ruben-rocha-moya-lo-acusa-corte-de-nueva-york-por-presuntos-nexos-con-el-narcotrafico\/","title":{"rendered":"EU va contra Rub\u00e9n Rocha Moya: lo acusa corte de Nueva York por presuntos nexos con el narcotr\u00e1fico"},"content":{"rendered":"\n<p>Una corte federal en Nueva York present\u00f3 una acusaci\u00f3n formal contra once personas presuntamente relacionadas con actividades del crimen organizado, entre ellas servidores p\u00fablicos y exfuncionarios del estado de Sinaloa, a quienes se les vincula con delitos de narcotr\u00e1fico, homicidio y uso de armamento.<\/p>\n\n\n<div class=\"wp-block-image\">\n<figure class=\"aligncenter size-full\"><img loading=\"lazy\" decoding=\"async\" width=\"640\" height=\"455\" src=\"https:\/\/elperiodicodesaltillo.com\/wp\/wp-content\/uploads\/2026\/04\/IMG_5264.jpeg\" alt=\"\" class=\"wp-image-45685\" srcset=\"https:\/\/elperiodicodesaltillo.com\/wp\/wp-content\/uploads\/2026\/04\/IMG_5264.jpeg 640w, https:\/\/elperiodicodesaltillo.com\/wp\/wp-content\/uploads\/2026\/04\/IMG_5264-300x213.jpeg 300w, https:\/\/elperiodicodesaltillo.com\/wp\/wp-content\/uploads\/2026\/04\/IMG_5264-100x70.jpeg 100w, https:\/\/elperiodicodesaltillo.com\/wp\/wp-content\/uploads\/2026\/04\/IMG_5264-591x420.jpeg 591w\" sizes=\"auto, (max-width: 640px) 100vw, 640px\" \/><\/figure>\n<\/div>\n\n\n<p>El caso fue dado a conocer por autoridades del Distrito Sur de Nueva York, en coordinaci\u00f3n con la Administraci\u00f3n para el Control de Drogas (DEA), como parte de una investigaci\u00f3n enfocada en el tr\u00e1fico de drogas hacia territorio estadounidense. Dentro del expediente figura el gobernador sinaloense, Rub\u00e9n Rocha Moya, se\u00f1alado junto a otros implicados por una supuesta colaboraci\u00f3n con el C\u00e1rtel de Sinaloa.<\/p>\n\n\n\n<p>De acuerdo con los documentos judiciales, la red investigada habr\u00eda facilitado el env\u00edo de estupefacientes hacia Estados Unidos mediante una estructura coordinada con grupos criminales. La causa fue asignada a la jueza federal Katherine Polk Failla, quien llevar\u00e1 el proceso conforme a las disposiciones del sistema judicial estadounidense.<\/p>\n\n\n\n<p>Entre los acusados tambi\u00e9n aparece Juan Valenzuela Mill\u00e1n, identificado por las autoridades como presunto participante en el secuestro y asesinato de un informante de la DEA, as\u00ed como de un familiar, lo que representa uno de los se\u00f1alamientos m\u00e1s graves dentro del expediente.<\/p>\n\n\n\n<p>En la lista de personas imputadas se encuentran adem\u00e1s Enrique Inzunza C\u00e1zarez, Enrique D\u00edaz Vega, D\u00e1maso Castro Zaavedra, Marco Antonio Almanza Avil\u00e9s, Alberto Jorge Contreras N\u00fa\u00f1ez, conocido como \u201cCholo\u201d, Gerardo M\u00e9rida S\u00e1nchez, Jos\u00e9 Antonio Dionisio Hip\u00f3lito, alias \u201cTornado\u201d, y Juan de Dios G\u00e1mez Mend\u00edvil.<\/p>\n\n\n\n<p>Las autoridades estadounidenses indicaron que este caso forma parte de una investigaci\u00f3n m\u00e1s amplia orientada a detectar posibles v\u00ednculos entre estructuras delictivas y actores pol\u00edticos en el noroeste de M\u00e9xico. El proceso legal se mantiene en curso mientras avanzan las diligencias en la corte de Nueva York.<\/p>\n","protected":false},"excerpt":{"rendered":"<p>Una corte federal en Nueva York present\u00f3 una acusaci\u00f3n formal contra once personas presuntamente relacionadas con actividades del crimen organizado, entre ellas servidores p\u00fablicos y exfuncionarios del estado de Sinaloa, a quienes se les vincula con delitos de narcotr\u00e1fico, homicidio y uso de armamento. El caso fue dado a conocer por autoridades del Distrito Sur [&hellip;]<\/p>\n","protected":false},"author":1,"featured_media":45685,"comment_status":"closed","ping_status":"closed","sticky":false,"template":"","format":"standard","meta":{"footnotes":""},"categories":[263],"tags":[],"class_list":["post-45684","post","type-post","status-publish","format-standard","has-post-thumbnail","hentry","category-noticias"],"_links":{"self":[{"href":"https:\/\/elperiodicodesaltillo.com\/wp\/wp-json\/wp\/v2\/posts\/45684","targetHints":{"allow":["GET"]}}],"collection":[{"href":"https:\/\/elperiodicodesaltillo.com\/wp\/wp-json\/wp\/v2\/posts"}],"about":[{"href":"https:\/\/elperiodicodesaltillo.com\/wp\/wp-json\/wp\/v2\/types\/post"}],"author":[{"embeddable":true,"href":"https:\/\/elperiodicodesaltillo.com\/wp\/wp-json\/wp\/v2\/users\/1"}],"replies":[{"embeddable":true,"href":"https:\/\/elperiodicodesaltillo.com\/wp\/wp-json\/wp\/v2\/comments?post=45684"}],"version-history":[{"count":1,"href":"https:\/\/elperiodicodesaltillo.com\/wp\/wp-json\/wp\/v2\/posts\/45684\/revisions"}],"predecessor-version":[{"id":45686,"href":"https:\/\/elperiodicodesaltillo.com\/wp\/wp-json\/wp\/v2\/posts\/45684\/revisions\/45686"}],"wp:featuredmedia":[{"embeddable":true,"href":"https:\/\/elperiodicodesaltillo.com\/wp\/wp-json\/wp\/v2\/media\/45685"}],"wp:attachment":[{"href":"https:\/\/elperiodicodesaltillo.com\/wp\/wp-json\/wp\/v2\/media?parent=45684"}],"wp:term":[{"taxonomy":"category","embeddable":true,"href":"https:\/\/elperiodicodesaltillo.com\/wp\/wp-json\/wp\/v2\/categories?post=45684"},{"taxonomy":"post_tag","embeddable":true,"href":"https:\/\/elperiodicodesaltillo.com\/wp\/wp-json\/wp\/v2\/tags?post=45684"}],"curies":[{"name":"wp","href":"https:\/\/api.w.org\/{rel}","templated":true}]}}