{"id":45699,"date":"2026-05-01T17:01:39","date_gmt":"2026-05-01T17:01:39","guid":{"rendered":"https:\/\/elperiodicodesaltillo.com\/wp\/?p=45699"},"modified":"2026-05-01T17:01:39","modified_gmt":"2026-05-01T17:01:39","slug":"inseguridad-y-presion-regulatoria-global-elevan-riesgos-operativos-del-sector-privado-en-mexico","status":"publish","type":"post","link":"https:\/\/elperiodicodesaltillo.com\/wp\/2026\/05\/01\/inseguridad-y-presion-regulatoria-global-elevan-riesgos-operativos-del-sector-privado-en-mexico\/","title":{"rendered":"Inseguridad y presi\u00f3n regulatoria global elevan riesgos operativos del sector privado en M\u00e9xico"},"content":{"rendered":"\n<pre class=\"wp-block-code\"><code>* ICC M\u00e9xico advierte sobre el impacto creciente en cadenas de suministro, costos y continuidad empresarial, y llama a establecer lineamientos claros para dar certidumbre al entorno productivo.   <\/code><\/pre>\n\n\n\n<p>La combinaci\u00f3n de inseguridad persistente y presiones regulatorias internacionales eleva de manera significativa -y cada vez m\u00e1s compleja- los riesgos operativos a los que se enfrenta el sector privado en M\u00e9xico, al generar un entorno de creciente incertidumbre que impacta directamente la viabilidad, continuidad y competitividad de las empresas.<\/p>\n\n\n\n<figure class=\"wp-block-image size-full\"><img decoding=\"async\" src=\"https:\/\/elperiodicodesaltillo.com\/wp\/wp-content\/uploads\/2026\/05\/Captura-de-pantalla-2026-05-01-110002.png\" alt=\"\" class=\"wp-image-45700\"\/><\/figure>\n\n\n\n<p>En este contexto, la International Chamber of Commerce M\u00e9xico (ICC M\u00e9xico) expresa su preocupaci\u00f3n por el deterioro del entorno de seguridad en diversas regiones del pa\u00eds, as\u00ed como por el efecto acumulado que esta situaci\u00f3n tiene sobre la operaci\u00f3n cotidiana de las empresas y la integridad de las cadenas de suministro.<\/p>\n\n\n\n<p>Eventos recientes han evidenciado con claridad la fragilidad del entorno operativo en amplias zonas del territorio nacional, al afectar de manera directa la movilidad, el transporte de mercanc\u00edas, la continuidad de operaciones, as\u00ed como la seguridad del personal y de las instalaciones empresariales, lo cual no solo incrementa los riesgos f\u00edsicos, sino que tambi\u00e9n introduce nuevas complejidades en materia de cumplimiento corporativo y gesti\u00f3n de riesgos.<\/p>\n\n\n\n<p>La realidad actual muestra un aumento sostenido en la exposici\u00f3n de las empresas a distintas formas de presi\u00f3n il\u00edcita, incluyendo aquellas que se manifiestan de manera indirecta a trav\u00e9s de intermediarios, contratistas o proveedores dentro de la cadena de valor, adem\u00e1s de disrupciones log\u00edsticas derivadas de incidentes de violencia focalizada, bloqueos y robos, particularmente en el transporte de carga, que afectan la eficiencia y confiabilidad de las operaciones.<\/p>\n\n\n\n<p>De manera paralela, las empresas enfrentan un entorno regulatorio m\u00e1s exigente, en el que los est\u00e1ndares internacionales de cumplimiento demandan una mayor profundidad en los procesos de debida diligencia a lo largo de toda la cadena de suministro. Esta combinaci\u00f3n de factores eleva los costos operativos, incrementa la complejidad de la gesti\u00f3n empresarial y afecta la competitividad de diversos sectores productivos.<\/p>\n\n\n\n<p>Asimismo, diversas entidades federativas presentan condiciones que incrementan de manera sustancial el nivel de riesgo para la actividad empresarial, al impactar la continuidad operativa y tras obligar a las empresas a adoptar medidas adicionales de seguridad y mitigaci\u00f3n, con los costos que ello implica en t\u00e9rminos financieros y estrat\u00e9gicos.<\/p>\n\n\n\n<p>Frente a este panorama, la ICC M\u00e9xico hace un respetuoso y firme llamado al Gobierno Federal para avanzar hacia la construcci\u00f3n de un marco de certidumbre institucional que permita a las empresas gestionar de manera m\u00e1s efectiva estos riesgos, ya que resulta indispensable contar con lineamientos claros y homologados, alineados con est\u00e1ndares internacionales, que orienten la gesti\u00f3n empresarial frente a la inseguridad y sus implicaciones operativas y regulatorias.<\/p>\n\n\n\n<p>De igual forma, es fundamental fortalecer los mecanismos institucionales que permitan a las empresas reportar y atender situaciones de riesgo, como la extorsi\u00f3n u otros il\u00edcitos, sin generar una exposici\u00f3n adicional, a trav\u00e9s de la coordinaci\u00f3n efectiva entre autoridades de los distintos \u00f3rdenes de gobierno, clave para garantizar condiciones de movilidad seguras y reducir la vulnerabilidad de las cadenas de suministro.<\/p>\n\n\n\n<p>En este sentido, cobra especial relevancia el dise\u00f1o de esquemas transparentes y estandarizados de colaboraci\u00f3n con las fuerzas de seguridad p\u00fablica para la protecci\u00f3n de operaciones estrat\u00e9gicas, infraestructura cr\u00edtica y personal en territorio. De igual forma, resulta necesario establecer un espacio permanente de di\u00e1logo t\u00e9cnico entre autoridades y sector privado que permita anticipar y gestionar los riesgos derivados de un entorno en constante evoluci\u00f3n.<\/p>\n\n\n\n<p>M\u00e9xico se encuentra en un momento decisivo para consolidar su posici\u00f3n como un actor estrat\u00e9gico en las cadenas globales de valor. Sin embargo, la persistencia de riesgos operativos asociados a la inseguridad puede limitar el aprovechamiento pleno de esta oportunidad, al generar condiciones que inciden directamente en las decisiones de inversi\u00f3n y en la configuraci\u00f3n de las operaciones empresariales.<\/p>\n\n\n\n<p>Para el sector privado, operar en un entorno de alta incertidumbre no solo implica mayores costos, sino tambi\u00e9n la necesidad de adoptar esquemas m\u00e1s restrictivos y cautelosos. Por ello, fortalecer las condiciones de seguridad y certidumbre jur\u00eddica se vuelve un elemento indispensable para preservar la competitividad del pa\u00eds y asegurar la continuidad de las operaciones productivas.<\/p>\n\n\n\n<p>La ICC M\u00e9xico reitera su disposici\u00f3n de colaborar de manera t\u00e9cnica y constructiva con las autoridades para contribuir al fortalecimiento del entorno operativo, el cumplimiento normativo y la resiliencia empresarial en M\u00e9xico.<\/p>\n","protected":false},"excerpt":{"rendered":"<p>La combinaci\u00f3n de inseguridad persistente y presiones regulatorias internacionales eleva de manera significativa -y cada vez m\u00e1s compleja- los riesgos operativos a los que se enfrenta el sector privado en M\u00e9xico, al generar un entorno de creciente incertidumbre que impacta directamente la viabilidad, continuidad y competitividad de las empresas. En este contexto, la International Chamber [&hellip;]<\/p>\n","protected":false},"author":1,"featured_media":45701,"comment_status":"closed","ping_status":"closed","sticky":false,"template":"","format":"standard","meta":{"footnotes":""},"categories":[415],"tags":[],"class_list":["post-45699","post","type-post","status-publish","format-standard","has-post-thumbnail","hentry","category-2-de-mayo-de-2026-ed-517"],"_links":{"self":[{"href":"https:\/\/elperiodicodesaltillo.com\/wp\/wp-json\/wp\/v2\/posts\/45699","targetHints":{"allow":["GET"]}}],"collection":[{"href":"https:\/\/elperiodicodesaltillo.com\/wp\/wp-json\/wp\/v2\/posts"}],"about":[{"href":"https:\/\/elperiodicodesaltillo.com\/wp\/wp-json\/wp\/v2\/types\/post"}],"author":[{"embeddable":true,"href":"https:\/\/elperiodicodesaltillo.com\/wp\/wp-json\/wp\/v2\/users\/1"}],"replies":[{"embeddable":true,"href":"https:\/\/elperiodicodesaltillo.com\/wp\/wp-json\/wp\/v2\/comments?post=45699"}],"version-history":[{"count":1,"href":"https:\/\/elperiodicodesaltillo.com\/wp\/wp-json\/wp\/v2\/posts\/45699\/revisions"}],"predecessor-version":[{"id":45702,"href":"https:\/\/elperiodicodesaltillo.com\/wp\/wp-json\/wp\/v2\/posts\/45699\/revisions\/45702"}],"wp:featuredmedia":[{"embeddable":true,"href":"https:\/\/elperiodicodesaltillo.com\/wp\/wp-json\/wp\/v2\/media\/45701"}],"wp:attachment":[{"href":"https:\/\/elperiodicodesaltillo.com\/wp\/wp-json\/wp\/v2\/media?parent=45699"}],"wp:term":[{"taxonomy":"category","embeddable":true,"href":"https:\/\/elperiodicodesaltillo.com\/wp\/wp-json\/wp\/v2\/categories?post=45699"},{"taxonomy":"post_tag","embeddable":true,"href":"https:\/\/elperiodicodesaltillo.com\/wp\/wp-json\/wp\/v2\/tags?post=45699"}],"curies":[{"name":"wp","href":"https:\/\/api.w.org\/{rel}","templated":true}]}}