{"id":45742,"date":"2026-05-01T17:59:39","date_gmt":"2026-05-01T17:59:39","guid":{"rendered":"https:\/\/elperiodicodesaltillo.com\/wp\/?p=45742"},"modified":"2026-05-01T17:59:39","modified_gmt":"2026-05-01T17:59:39","slug":"el-privilegio-de-amarte","status":"publish","type":"post","link":"https:\/\/elperiodicodesaltillo.com\/wp\/2026\/05\/01\/el-privilegio-de-amarte\/","title":{"rendered":"El privilegio de amarte"},"content":{"rendered":"\n<p class=\"has-text-align-center\"><strong>Oliverio Ascascius.<\/strong><\/p>\n\n\n\n<p class=\"has-text-align-center\">He descubierto que no sacrifico nada por quererte,<br>y s\u00e9 que considero el amarte como un privilegio.<\/p>\n\n\n\n<p class=\"has-text-align-center\">Te acepto tal como eres<br>sin que me incomode<br>ni me sienta robado<br>o desubicado de mis requisitos,<br>pues no tengo requisitos,<br>excepto los que t\u00fa ya llenaste<br>una y mil veces.<\/p>\n\n\n\n<p class=\"has-text-align-center\">Te dir\u00e9 &#8211; por en\u00e9sima vez &#8211;<br>algo que no es novedad para ti:<\/p>\n\n\n\n<p class=\"has-text-align-center\">&#8211; Te quiero &#8211;<br>&#8211; Te adoro &#8211;<br>y hoy m\u00e1s que ayer<br>y as\u00ed sucesivamente<br>y a diario aumenta.<\/p>\n\n\n\n<p class=\"has-text-align-center\">T\u00fa me llenas el alma<br>con todo eso<br>que un alma necesita<br>para ser llenada.<br>Y no todas tienen los ingredientes<br>para mi alma<br>como parece que los tiene t\u00fa.<\/p>\n","protected":false},"excerpt":{"rendered":"<p>Oliverio Ascascius. He descubierto que no sacrifico nada por quererte,y s\u00e9 que considero el amarte como un privilegio. Te acepto tal como eressin que me incomodeni me sienta robadoo desubicado de mis requisitos,pues no tengo requisitos,excepto los que t\u00fa ya llenasteuna y mil veces. Te dir\u00e9 &#8211; por en\u00e9sima vez &#8211;algo que no es novedad [&hellip;]<\/p>\n","protected":false},"author":28,"featured_media":45743,"comment_status":"closed","ping_status":"closed","sticky":false,"template":"","format":"standard","meta":{"footnotes":""},"categories":[415,41],"tags":[],"class_list":["post-45742","post","type-post","status-publish","format-standard","has-post-thumbnail","hentry","category-2-de-mayo-de-2026-ed-517","category-recomendaciones"],"_links":{"self":[{"href":"https:\/\/elperiodicodesaltillo.com\/wp\/wp-json\/wp\/v2\/posts\/45742","targetHints":{"allow":["GET"]}}],"collection":[{"href":"https:\/\/elperiodicodesaltillo.com\/wp\/wp-json\/wp\/v2\/posts"}],"about":[{"href":"https:\/\/elperiodicodesaltillo.com\/wp\/wp-json\/wp\/v2\/types\/post"}],"author":[{"embeddable":true,"href":"https:\/\/elperiodicodesaltillo.com\/wp\/wp-json\/wp\/v2\/users\/28"}],"replies":[{"embeddable":true,"href":"https:\/\/elperiodicodesaltillo.com\/wp\/wp-json\/wp\/v2\/comments?post=45742"}],"version-history":[{"count":1,"href":"https:\/\/elperiodicodesaltillo.com\/wp\/wp-json\/wp\/v2\/posts\/45742\/revisions"}],"predecessor-version":[{"id":45744,"href":"https:\/\/elperiodicodesaltillo.com\/wp\/wp-json\/wp\/v2\/posts\/45742\/revisions\/45744"}],"wp:featuredmedia":[{"embeddable":true,"href":"https:\/\/elperiodicodesaltillo.com\/wp\/wp-json\/wp\/v2\/media\/45743"}],"wp:attachment":[{"href":"https:\/\/elperiodicodesaltillo.com\/wp\/wp-json\/wp\/v2\/media?parent=45742"}],"wp:term":[{"taxonomy":"category","embeddable":true,"href":"https:\/\/elperiodicodesaltillo.com\/wp\/wp-json\/wp\/v2\/categories?post=45742"},{"taxonomy":"post_tag","embeddable":true,"href":"https:\/\/elperiodicodesaltillo.com\/wp\/wp-json\/wp\/v2\/tags?post=45742"}],"curies":[{"name":"wp","href":"https:\/\/api.w.org\/{rel}","templated":true}]}}